{"id":6029,"date":"2026-02-25T15:21:37","date_gmt":"2026-02-25T13:21:37","guid":{"rendered":"https:\/\/portofrauma.com\/?p=6029"},"modified":"2026-02-25T15:23:18","modified_gmt":"2026-02-25T13:23:18","slug":"sahkoisen-lentopolttoaineen-esaf-tuotantolaitos-hankkeen-yva-selostuksen-julkinen-kuuleminen","status":"publish","type":"post","link":"https:\/\/portofrauma.com\/en\/sahkoisen-lentopolttoaineen-esaf-tuotantolaitos-hankkeen-yva-selostuksen-julkinen-kuuleminen\/","title":{"rendered":"S\u00e4hk\u00f6isen lentopolttoaineen (eSAF) tuotantolaitos -hankkeen YVA-selostuksen julkinen kuuleminen"},"content":{"rendered":"\n<p>Rauman hankkeen ymp\u00e4rist\u00f6vaikutusten arviointiselostus (YVA-selostus) on julkaistu, ja se on nyt julkisesti n\u00e4ht\u00e4vill\u00e4. Arviointiselostus on julkaistu s\u00e4hk\u00f6isesti ymp\u00e4rist\u00f6hallinnon hankesivustolla osoitteessa <a href=\"https:\/\/www.ymparisto.fi\/fi\/osallistu-ja-vaikuta\/ymparistovaikutusten-arviointi\/sahkoisen-lentopolttoaineen-esaf-tuotantolaitos-rauma\">https:\/\/www.ymparisto.fi\/fi\/osallistu-ja-vaikuta\/ymparistovaikutusten-arviointi\/sahkoisen-lentopolttoaineen-esaf-tuotantolaitos-rauma<\/a><\/p>\n\n\n\n<p>YVA-selostuksen kuulemisaika on 24.2.2026\u20139.4.2026. YVA-selostukseen voi tutustua t\u00e4n\u00e4 aikana my\u00f6s palvelupiste Pyyrmanissa (Valtakatu 2A, 26100 Rauma) ja Rauman kaupunginkirjastossa (Alfredinkatu 1, 26100 Rauma) toimipaikkojen aukiolojen puitteissa. Yhteysviranomaisen perusteltu p\u00e4\u00e4telm\u00e4 hankkeen merkitt\u00e4vist\u00e4 ymp\u00e4rist\u00f6vaikutuksista on n\u00e4ht\u00e4vill\u00e4 kahden kuukauden kuluessa lausunnon antamiseen ja mielipiteiden esitt\u00e4miseen varatun m\u00e4\u00e4r\u00e4ajan p\u00e4\u00e4ttymisest\u00e4 ymp\u00e4rist\u00f6hallinnon hankesivustolla.<\/p>\n\n\n\n<p><strong>Hankkeen ja YVA-selostuksen esittelytilaisuus<\/strong><\/p>\n\n\n\n<p>Tervetuloa yleis\u00f6tilaisuuteen keskustelemaan hankkeesta, esitt\u00e4m\u00e4\u00e4n kysymyksi\u00e4 ja tapaamaan tiimimme. Hankkeen ja arviointiselostuksen esittelytilaisuus pidet\u00e4\u00e4n tiistaina 10.03.2026. Tilaisuuteen voi osallistua paikan p\u00e4\u00e4ll\u00e4 tai et\u00e4yhteydell\u00e4.<\/p>\n\n\n\n<p><br><br>\ud83d\udccd Scandic Rauman Pihlus-kokoustila (Aittakarinkatu 9, 26100 Rauma)<\/p>\n\n\n\n<p><br>\ud83d\udcc5 10.03.2026<\/p>\n\n\n\n<p><br>\u23f0 klo 17\u201319 (kahvitarjoilu klo 16.30 alkaen)<\/p>\n\n\n\n<p><br><br>L\u00f6yd\u00e4t linkin et\u00e4yhteydell\u00e4 osallistumiseen ja kaikki muut hanketiedot ymp\u00e4rist\u00f6hallinnon hankesivustolta.<\/p>\n\n\n\n<p><\/p>\n","protected":false},"excerpt":{"rendered":"<p>Rauman hankkeen ymp\u00e4rist\u00f6vaikutusten arviointiselostus (YVA-selostus) on julkaistu, ja se on nyt julkisesti n\u00e4ht\u00e4vill\u00e4. Arviointiselostus on julkaistu s\u00e4hk\u00f6isesti ymp\u00e4rist\u00f6hallinnon hankesivustolla osoitteessa https:\/\/www.ymparisto.fi\/fi\/osallistu-ja-vaikuta\/ymparistovaikutusten-arviointi\/sahkoisen-lentopolttoaineen-esaf-tuotantolaitos-rauma YVA-selostuksen kuulemisaika on 24.2.2026\u20139.4.2026. YVA-selostukseen voi tutustua t\u00e4n\u00e4 aikana my\u00f6s palvelupiste Pyyrmanissa (Valtakatu 2A, 26100 Rauma) ja Rauman kaupunginkirjastossa (Alfredinkatu 1, 26100 Rauma) toimipaikkojen aukiolojen puitteissa. Yhteysviranomaisen perusteltu p\u00e4\u00e4telm\u00e4 hankkeen merkitt\u00e4vist\u00e4 ymp\u00e4rist\u00f6vaikutuksista on n\u00e4ht\u00e4vill\u00e4 [&hellip;]<\/p>\n","protected":false},"author":2,"featured_media":5272,"comment_status":"closed","ping_status":"closed","sticky":false,"template":"","format":"standard","meta":{"footnotes":""},"categories":[13],"tags":[],"class_list":["post-6029","post","type-post","status-publish","format-standard","has-post-thumbnail","hentry","category-ajankohtaista"],"acf":[],"yoast_head":"<!-- This site is optimized with the Yoast SEO plugin v27.4 - https:\/\/yoast.com\/product\/yoast-seo-wordpress\/ -->\n<title>S\u00e4hk\u00f6isen lentopolttoaineen (eSAF) tuotantolaitos -hankkeen YVA-selostuksen julkinen kuuleminen - Portofrauma<\/title>\n<meta name=\"robots\" content=\"index, follow, max-snippet:-1, max-image-preview:large, max-video-preview:-1\" \/>\n<link rel=\"canonical\" href=\"https:\/\/portofrauma.com\/en\/sahkoisen-lentopolttoaineen-esaf-tuotantolaitos-hankkeen-yva-selostuksen-julkinen-kuuleminen\/\" \/>\n<meta property=\"og:locale\" content=\"en_US\" \/>\n<meta property=\"og:type\" content=\"article\" \/>\n<meta property=\"og:title\" content=\"S\u00e4hk\u00f6isen lentopolttoaineen (eSAF) tuotantolaitos -hankkeen YVA-selostuksen julkinen kuuleminen - Portofrauma\" \/>\n<meta property=\"og:description\" content=\"Rauman hankkeen ymp\u00e4rist\u00f6vaikutusten arviointiselostus (YVA-selostus) on julkaistu, ja se on nyt julkisesti n\u00e4ht\u00e4vill\u00e4. Arviointiselostus on julkaistu s\u00e4hk\u00f6isesti ymp\u00e4rist\u00f6hallinnon hankesivustolla osoitteessa https:\/\/www.ymparisto.fi\/fi\/osallistu-ja-vaikuta\/ymparistovaikutusten-arviointi\/sahkoisen-lentopolttoaineen-esaf-tuotantolaitos-rauma YVA-selostuksen kuulemisaika on 24.2.2026\u20139.4.2026. YVA-selostukseen voi tutustua t\u00e4n\u00e4 aikana my\u00f6s palvelupiste Pyyrmanissa (Valtakatu 2A, 26100 Rauma) ja Rauman kaupunginkirjastossa (Alfredinkatu 1, 26100 Rauma) toimipaikkojen aukiolojen puitteissa. Yhteysviranomaisen perusteltu p\u00e4\u00e4telm\u00e4 hankkeen merkitt\u00e4vist\u00e4 ymp\u00e4rist\u00f6vaikutuksista on n\u00e4ht\u00e4vill\u00e4 [&hellip;]\" \/>\n<meta property=\"og:url\" content=\"https:\/\/portofrauma.com\/en\/sahkoisen-lentopolttoaineen-esaf-tuotantolaitos-hankkeen-yva-selostuksen-julkinen-kuuleminen\/\" \/>\n<meta property=\"og:site_name\" content=\"Portofrauma\" \/>\n<meta property=\"article:published_time\" content=\"2026-02-25T13:21:37+00:00\" \/>\n<meta property=\"article:modified_time\" content=\"2026-02-25T13:23:18+00:00\" \/>\n<meta property=\"og:image\" content=\"https:\/\/portofrauma.com\/wp-content\/uploads\/2024\/10\/23A11-214-muokattu-scaled.jpg\" \/>\n\t<meta property=\"og:image:width\" content=\"2560\" \/>\n\t<meta property=\"og:image:height\" content=\"1707\" \/>\n\t<meta property=\"og:image:type\" content=\"image\/jpeg\" \/>\n<meta name=\"author\" content=\"Mervi Rantanen\" \/>\n<meta name=\"twitter:card\" content=\"summary_large_image\" \/>\n<meta name=\"twitter:label1\" content=\"Written by\" \/>\n\t<meta name=\"twitter:data1\" content=\"Mervi Rantanen\" \/>\n\t<meta name=\"twitter:label2\" content=\"Est. reading time\" \/>\n\t<meta name=\"twitter:data2\" content=\"1 minute\" \/>\n<script type=\"application\/ld+json\" class=\"yoast-schema-graph\">{\"@context\":\"https:\\\/\\\/schema.org\",\"@graph\":[{\"@type\":\"Article\",\"@id\":\"https:\\\/\\\/portofrauma.com\\\/en\\\/sahkoisen-lentopolttoaineen-esaf-tuotantolaitos-hankkeen-yva-selostuksen-julkinen-kuuleminen\\\/#article\",\"isPartOf\":{\"@id\":\"https:\\\/\\\/portofrauma.com\\\/en\\\/sahkoisen-lentopolttoaineen-esaf-tuotantolaitos-hankkeen-yva-selostuksen-julkinen-kuuleminen\\\/\"},\"author\":{\"name\":\"Mervi Rantanen\",\"@id\":\"https:\\\/\\\/portofrauma.com\\\/en\\\/#\\\/schema\\\/person\\\/4fb175eeace698c1f852535a533d3b7c\"},\"headline\":\"S\u00e4hk\u00f6isen lentopolttoaineen (eSAF) tuotantolaitos -hankkeen YVA-selostuksen julkinen kuuleminen\",\"datePublished\":\"2026-02-25T13:21:37+00:00\",\"dateModified\":\"2026-02-25T13:23:18+00:00\",\"mainEntityOfPage\":{\"@id\":\"https:\\\/\\\/portofrauma.com\\\/en\\\/sahkoisen-lentopolttoaineen-esaf-tuotantolaitos-hankkeen-yva-selostuksen-julkinen-kuuleminen\\\/\"},\"wordCount\":159,\"image\":{\"@id\":\"https:\\\/\\\/portofrauma.com\\\/en\\\/sahkoisen-lentopolttoaineen-esaf-tuotantolaitos-hankkeen-yva-selostuksen-julkinen-kuuleminen\\\/#primaryimage\"},\"thumbnailUrl\":\"https:\\\/\\\/portofrauma.com\\\/wp-content\\\/uploads\\\/2024\\\/10\\\/23A11-214-muokattu-scaled.jpg\",\"articleSection\":[\"AJANKOHTAISTA\"],\"inLanguage\":\"en-US\"},{\"@type\":\"WebPage\",\"@id\":\"https:\\\/\\\/portofrauma.com\\\/en\\\/sahkoisen-lentopolttoaineen-esaf-tuotantolaitos-hankkeen-yva-selostuksen-julkinen-kuuleminen\\\/\",\"url\":\"https:\\\/\\\/portofrauma.com\\\/en\\\/sahkoisen-lentopolttoaineen-esaf-tuotantolaitos-hankkeen-yva-selostuksen-julkinen-kuuleminen\\\/\",\"name\":\"S\u00e4hk\u00f6isen lentopolttoaineen (eSAF) tuotantolaitos -hankkeen YVA-selostuksen julkinen kuuleminen - Portofrauma\",\"isPartOf\":{\"@id\":\"https:\\\/\\\/portofrauma.com\\\/en\\\/#website\"},\"primaryImageOfPage\":{\"@id\":\"https:\\\/\\\/portofrauma.com\\\/en\\\/sahkoisen-lentopolttoaineen-esaf-tuotantolaitos-hankkeen-yva-selostuksen-julkinen-kuuleminen\\\/#primaryimage\"},\"image\":{\"@id\":\"https:\\\/\\\/portofrauma.com\\\/en\\\/sahkoisen-lentopolttoaineen-esaf-tuotantolaitos-hankkeen-yva-selostuksen-julkinen-kuuleminen\\\/#primaryimage\"},\"thumbnailUrl\":\"https:\\\/\\\/portofrauma.com\\\/wp-content\\\/uploads\\\/2024\\\/10\\\/23A11-214-muokattu-scaled.jpg\",\"datePublished\":\"2026-02-25T13:21:37+00:00\",\"dateModified\":\"2026-02-25T13:23:18+00:00\",\"author\":{\"@id\":\"https:\\\/\\\/portofrauma.com\\\/en\\\/#\\\/schema\\\/person\\\/4fb175eeace698c1f852535a533d3b7c\"},\"breadcrumb\":{\"@id\":\"https:\\\/\\\/portofrauma.com\\\/en\\\/sahkoisen-lentopolttoaineen-esaf-tuotantolaitos-hankkeen-yva-selostuksen-julkinen-kuuleminen\\\/#breadcrumb\"},\"inLanguage\":\"en-US\",\"potentialAction\":[{\"@type\":\"ReadAction\",\"target\":[\"https:\\\/\\\/portofrauma.com\\\/en\\\/sahkoisen-lentopolttoaineen-esaf-tuotantolaitos-hankkeen-yva-selostuksen-julkinen-kuuleminen\\\/\"]}]},{\"@type\":\"ImageObject\",\"inLanguage\":\"en-US\",\"@id\":\"https:\\\/\\\/portofrauma.com\\\/en\\\/sahkoisen-lentopolttoaineen-esaf-tuotantolaitos-hankkeen-yva-selostuksen-julkinen-kuuleminen\\\/#primaryimage\",\"url\":\"https:\\\/\\\/portofrauma.com\\\/wp-content\\\/uploads\\\/2024\\\/10\\\/23A11-214-muokattu-scaled.jpg\",\"contentUrl\":\"https:\\\/\\\/portofrauma.com\\\/wp-content\\\/uploads\\\/2024\\\/10\\\/23A11-214-muokattu-scaled.jpg\",\"width\":2560,\"height\":1707},{\"@type\":\"BreadcrumbList\",\"@id\":\"https:\\\/\\\/portofrauma.com\\\/en\\\/sahkoisen-lentopolttoaineen-esaf-tuotantolaitos-hankkeen-yva-selostuksen-julkinen-kuuleminen\\\/#breadcrumb\",\"itemListElement\":[{\"@type\":\"ListItem\",\"position\":1,\"name\":\"Home\",\"item\":\"https:\\\/\\\/portofrauma.com\\\/en\\\/\"},{\"@type\":\"ListItem\",\"position\":2,\"name\":\"S\u00e4hk\u00f6isen lentopolttoaineen (eSAF) tuotantolaitos -hankkeen YVA-selostuksen julkinen kuuleminen\"}]},{\"@type\":\"WebSite\",\"@id\":\"https:\\\/\\\/portofrauma.com\\\/en\\\/#website\",\"url\":\"https:\\\/\\\/portofrauma.com\\\/en\\\/\",\"name\":\"Portofrauma\",\"description\":\"Just another WordPress site\",\"potentialAction\":[{\"@type\":\"SearchAction\",\"target\":{\"@type\":\"EntryPoint\",\"urlTemplate\":\"https:\\\/\\\/portofrauma.com\\\/en\\\/?s={search_term_string}\"},\"query-input\":{\"@type\":\"PropertyValueSpecification\",\"valueRequired\":true,\"valueName\":\"search_term_string\"}}],\"inLanguage\":\"en-US\"},{\"@type\":\"Person\",\"@id\":\"https:\\\/\\\/portofrauma.com\\\/en\\\/#\\\/schema\\\/person\\\/4fb175eeace698c1f852535a533d3b7c\",\"name\":\"Mervi Rantanen\",\"url\":\"https:\\\/\\\/portofrauma.com\\\/en\\\/author\\\/mervirantanen\\\/\"}]}<\/script>\n<!-- \/ Yoast SEO plugin. -->","yoast_head_json":{"title":"S\u00e4hk\u00f6isen lentopolttoaineen (eSAF) tuotantolaitos -hankkeen YVA-selostuksen julkinen kuuleminen - Portofrauma","robots":{"index":"index","follow":"follow","max-snippet":"max-snippet:-1","max-image-preview":"max-image-preview:large","max-video-preview":"max-video-preview:-1"},"canonical":"https:\/\/portofrauma.com\/en\/sahkoisen-lentopolttoaineen-esaf-tuotantolaitos-hankkeen-yva-selostuksen-julkinen-kuuleminen\/","og_locale":"en_US","og_type":"article","og_title":"S\u00e4hk\u00f6isen lentopolttoaineen (eSAF) tuotantolaitos -hankkeen YVA-selostuksen julkinen kuuleminen - Portofrauma","og_description":"Rauman hankkeen ymp\u00e4rist\u00f6vaikutusten arviointiselostus (YVA-selostus) on julkaistu, ja se on nyt julkisesti n\u00e4ht\u00e4vill\u00e4. Arviointiselostus on julkaistu s\u00e4hk\u00f6isesti ymp\u00e4rist\u00f6hallinnon hankesivustolla osoitteessa https:\/\/www.ymparisto.fi\/fi\/osallistu-ja-vaikuta\/ymparistovaikutusten-arviointi\/sahkoisen-lentopolttoaineen-esaf-tuotantolaitos-rauma YVA-selostuksen kuulemisaika on 24.2.2026\u20139.4.2026. YVA-selostukseen voi tutustua t\u00e4n\u00e4 aikana my\u00f6s palvelupiste Pyyrmanissa (Valtakatu 2A, 26100 Rauma) ja Rauman kaupunginkirjastossa (Alfredinkatu 1, 26100 Rauma) toimipaikkojen aukiolojen puitteissa. Yhteysviranomaisen perusteltu p\u00e4\u00e4telm\u00e4 hankkeen merkitt\u00e4vist\u00e4 ymp\u00e4rist\u00f6vaikutuksista on n\u00e4ht\u00e4vill\u00e4 [&hellip;]","og_url":"https:\/\/portofrauma.com\/en\/sahkoisen-lentopolttoaineen-esaf-tuotantolaitos-hankkeen-yva-selostuksen-julkinen-kuuleminen\/","og_site_name":"Portofrauma","article_published_time":"2026-02-25T13:21:37+00:00","article_modified_time":"2026-02-25T13:23:18+00:00","og_image":[{"width":2560,"height":1707,"url":"https:\/\/portofrauma.com\/wp-content\/uploads\/2024\/10\/23A11-214-muokattu-scaled.jpg","type":"image\/jpeg"}],"author":"Mervi Rantanen","twitter_card":"summary_large_image","twitter_misc":{"Written by":"Mervi Rantanen","Est. reading time":"1 minute"},"schema":{"@context":"https:\/\/schema.org","@graph":[{"@type":"Article","@id":"https:\/\/portofrauma.com\/en\/sahkoisen-lentopolttoaineen-esaf-tuotantolaitos-hankkeen-yva-selostuksen-julkinen-kuuleminen\/#article","isPartOf":{"@id":"https:\/\/portofrauma.com\/en\/sahkoisen-lentopolttoaineen-esaf-tuotantolaitos-hankkeen-yva-selostuksen-julkinen-kuuleminen\/"},"author":{"name":"Mervi Rantanen","@id":"https:\/\/portofrauma.com\/en\/#\/schema\/person\/4fb175eeace698c1f852535a533d3b7c"},"headline":"S\u00e4hk\u00f6isen lentopolttoaineen (eSAF) tuotantolaitos -hankkeen YVA-selostuksen julkinen kuuleminen","datePublished":"2026-02-25T13:21:37+00:00","dateModified":"2026-02-25T13:23:18+00:00","mainEntityOfPage":{"@id":"https:\/\/portofrauma.com\/en\/sahkoisen-lentopolttoaineen-esaf-tuotantolaitos-hankkeen-yva-selostuksen-julkinen-kuuleminen\/"},"wordCount":159,"image":{"@id":"https:\/\/portofrauma.com\/en\/sahkoisen-lentopolttoaineen-esaf-tuotantolaitos-hankkeen-yva-selostuksen-julkinen-kuuleminen\/#primaryimage"},"thumbnailUrl":"https:\/\/portofrauma.com\/wp-content\/uploads\/2024\/10\/23A11-214-muokattu-scaled.jpg","articleSection":["AJANKOHTAISTA"],"inLanguage":"en-US"},{"@type":"WebPage","@id":"https:\/\/portofrauma.com\/en\/sahkoisen-lentopolttoaineen-esaf-tuotantolaitos-hankkeen-yva-selostuksen-julkinen-kuuleminen\/","url":"https:\/\/portofrauma.com\/en\/sahkoisen-lentopolttoaineen-esaf-tuotantolaitos-hankkeen-yva-selostuksen-julkinen-kuuleminen\/","name":"S\u00e4hk\u00f6isen lentopolttoaineen (eSAF) tuotantolaitos -hankkeen YVA-selostuksen julkinen kuuleminen - Portofrauma","isPartOf":{"@id":"https:\/\/portofrauma.com\/en\/#website"},"primaryImageOfPage":{"@id":"https:\/\/portofrauma.com\/en\/sahkoisen-lentopolttoaineen-esaf-tuotantolaitos-hankkeen-yva-selostuksen-julkinen-kuuleminen\/#primaryimage"},"image":{"@id":"https:\/\/portofrauma.com\/en\/sahkoisen-lentopolttoaineen-esaf-tuotantolaitos-hankkeen-yva-selostuksen-julkinen-kuuleminen\/#primaryimage"},"thumbnailUrl":"https:\/\/portofrauma.com\/wp-content\/uploads\/2024\/10\/23A11-214-muokattu-scaled.jpg","datePublished":"2026-02-25T13:21:37+00:00","dateModified":"2026-02-25T13:23:18+00:00","author":{"@id":"https:\/\/portofrauma.com\/en\/#\/schema\/person\/4fb175eeace698c1f852535a533d3b7c"},"breadcrumb":{"@id":"https:\/\/portofrauma.com\/en\/sahkoisen-lentopolttoaineen-esaf-tuotantolaitos-hankkeen-yva-selostuksen-julkinen-kuuleminen\/#breadcrumb"},"inLanguage":"en-US","potentialAction":[{"@type":"ReadAction","target":["https:\/\/portofrauma.com\/en\/sahkoisen-lentopolttoaineen-esaf-tuotantolaitos-hankkeen-yva-selostuksen-julkinen-kuuleminen\/"]}]},{"@type":"ImageObject","inLanguage":"en-US","@id":"https:\/\/portofrauma.com\/en\/sahkoisen-lentopolttoaineen-esaf-tuotantolaitos-hankkeen-yva-selostuksen-julkinen-kuuleminen\/#primaryimage","url":"https:\/\/portofrauma.com\/wp-content\/uploads\/2024\/10\/23A11-214-muokattu-scaled.jpg","contentUrl":"https:\/\/portofrauma.com\/wp-content\/uploads\/2024\/10\/23A11-214-muokattu-scaled.jpg","width":2560,"height":1707},{"@type":"BreadcrumbList","@id":"https:\/\/portofrauma.com\/en\/sahkoisen-lentopolttoaineen-esaf-tuotantolaitos-hankkeen-yva-selostuksen-julkinen-kuuleminen\/#breadcrumb","itemListElement":[{"@type":"ListItem","position":1,"name":"Home","item":"https:\/\/portofrauma.com\/en\/"},{"@type":"ListItem","position":2,"name":"S\u00e4hk\u00f6isen lentopolttoaineen (eSAF) tuotantolaitos -hankkeen YVA-selostuksen julkinen kuuleminen"}]},{"@type":"WebSite","@id":"https:\/\/portofrauma.com\/en\/#website","url":"https:\/\/portofrauma.com\/en\/","name":"Portofrauma","description":"Just another WordPress site","potentialAction":[{"@type":"SearchAction","target":{"@type":"EntryPoint","urlTemplate":"https:\/\/portofrauma.com\/en\/?s={search_term_string}"},"query-input":{"@type":"PropertyValueSpecification","valueRequired":true,"valueName":"search_term_string"}}],"inLanguage":"en-US"},{"@type":"Person","@id":"https:\/\/portofrauma.com\/en\/#\/schema\/person\/4fb175eeace698c1f852535a533d3b7c","name":"Mervi Rantanen","url":"https:\/\/portofrauma.com\/en\/author\/mervirantanen\/"}]}},"_links":{"self":[{"href":"https:\/\/portofrauma.com\/en\/wp-json\/wp\/v2\/posts\/6029","targetHints":{"allow":["GET"]}}],"collection":[{"href":"https:\/\/portofrauma.com\/en\/wp-json\/wp\/v2\/posts"}],"about":[{"href":"https:\/\/portofrauma.com\/en\/wp-json\/wp\/v2\/types\/post"}],"author":[{"embeddable":true,"href":"https:\/\/portofrauma.com\/en\/wp-json\/wp\/v2\/users\/2"}],"replies":[{"embeddable":true,"href":"https:\/\/portofrauma.com\/en\/wp-json\/wp\/v2\/comments?post=6029"}],"version-history":[{"count":2,"href":"https:\/\/portofrauma.com\/en\/wp-json\/wp\/v2\/posts\/6029\/revisions"}],"predecessor-version":[{"id":6031,"href":"https:\/\/portofrauma.com\/en\/wp-json\/wp\/v2\/posts\/6029\/revisions\/6031"}],"wp:featuredmedia":[{"embeddable":true,"href":"https:\/\/portofrauma.com\/en\/wp-json\/wp\/v2\/media\/5272"}],"wp:attachment":[{"href":"https:\/\/portofrauma.com\/en\/wp-json\/wp\/v2\/media?parent=6029"}],"wp:term":[{"taxonomy":"category","embeddable":true,"href":"https:\/\/portofrauma.com\/en\/wp-json\/wp\/v2\/categories?post=6029"},{"taxonomy":"post_tag","embeddable":true,"href":"https:\/\/portofrauma.com\/en\/wp-json\/wp\/v2\/tags?post=6029"}],"curies":[{"name":"wp","href":"https:\/\/api.w.org\/{rel}","templated":true}]}}